{"id":114,"date":"2023-11-08T18:01:32","date_gmt":"2023-11-08T21:01:32","guid":{"rendered":"https:\/\/multiversoproducoes.com\/?post_type=news&#038;p=114"},"modified":"2023-11-08T18:09:47","modified_gmt":"2023-11-08T21:09:47","slug":"prisao-nos-andes-faz-sua-estreia-brasileira-na-mostra-de-sao-paulo","status":"publish","type":"news","link":"https:\/\/multiversoproducoes.com\/en\/news\/prisao-nos-andes-faz-sua-estreia-brasileira-na-mostra-de-sao-paulo\/","title":{"rendered":"\"Prison in the Andes\" has its Brazilian premiere at the S\u00e3o Paulo Int'l Film Festival"},"content":{"rendered":"<p>Prison in the Andes, Felipe Carmona's first feature had its latin-american premiere at the New Directors Competition of the 2023 S\u00e3o Paulo Int'l Film Festival<\/p>\n\n\n\n<p>The film was presented by the director and the producers, Daniel Pech and Omar Z\u00fa\u00f1iga<br>On the premiere, we celebrated with our team from S\u00e3o Paulo, who worked on the film!<\/p>","protected":false},"featured_media":0,"template":"","meta":{"footnotes":""},"class_list":["post-114","news","type-news","status-publish","hentry"],"_links":{"self":[{"href":"https:\/\/multiversoproducoes.com\/en\/wp-json\/wp\/v2\/news\/114","targetHints":{"allow":["GET"]}}],"collection":[{"href":"https:\/\/multiversoproducoes.com\/en\/wp-json\/wp\/v2\/news"}],"about":[{"href":"https:\/\/multiversoproducoes.com\/en\/wp-json\/wp\/v2\/types\/news"}],"version-history":[{"count":1,"href":"https:\/\/multiversoproducoes.com\/en\/wp-json\/wp\/v2\/news\/114\/revisions"}],"predecessor-version":[{"id":115,"href":"https:\/\/multiversoproducoes.com\/en\/wp-json\/wp\/v2\/news\/114\/revisions\/115"}],"wp:attachment":[{"href":"https:\/\/multiversoproducoes.com\/en\/wp-json\/wp\/v2\/media?parent=114"}],"curies":[{"name":"wp","href":"https:\/\/api.w.org\/{rel}","templated":true}]}}